{"id":4014,"date":"2024-02-05T00:01:07","date_gmt":"2024-02-04T23:01:07","guid":{"rendered":"https:\/\/www.trefall.com\/blog\/?p=4014"},"modified":"2024-02-18T22:58:00","modified_gmt":"2024-02-18T21:58:00","slug":"snovinteren-1962-del-2","status":"publish","type":"post","link":"https:\/\/www.trefall.com\/blog\/nn\/snovinteren-1962-del-2\/","title":{"rendered":"Sn\u00f8vinteren 1962 &#8211; del 2"},"content":{"rendered":"\r\n<p><strong>I dag for 62 \u00e5r sidan, d<\/strong>el 2 &#8211; <a href=\"https:\/\/www.trefall.com\/blog\/nn\/snovinteren-1962-del-1\/\">her er del 1<\/a> &#8211; <a href=\"https:\/\/www.trefall.com\/blog\/nn\/historie\/snovinteren-1962\/\">oversikt<\/a>\u00a0&#8211; <a href=\"https:\/\/www.trefall.com\/blog\/nn\/snovinteren-1962-del-3\/\">her er del 3<\/a><\/p>\r\n\r\n\r\n\r\n<p>I del 1 forlet me eit innesn\u00f8dd lite dalf\u00f8re vest i landet.\u00a0<br \/>5. februar\u00a0er fortsatt \u00f8verste halvparten av dette dalf\u00f8ret innesn\u00f8dd.<\/p>\r\n\r\n\r\n\r\n<p>No i del 2 let eg hovud-forteljarane v\u00e6re avisa Bergens Tidende, saman med brevet Johan O Gullbr\u00e5 fr\u00e5 \u00f8verste garden skriv til avisa. BT\u00a0dekkkjer \u00abEksingedalen sn\u00f8r ned\u00bb godt, og som me skal sj\u00e5 seinare, blir dei ein god st\u00f8ttespelar for dei innesn\u00f8dde.\u00a0<\/p>\r\n\r\n\r\n\r\n<p>5. februar\u00a0beskriv Bergens Tidende situasjonen slik:<br \/>\u00abOmlag hundre menneske i \u00f8vste delen av Eksingedalen har vore innestengde av sn\u00f8 over ei veke, og dei fire \u00f8vste gardane er dessutan utan telefon p\u00e5 grunn av linebrot. Det er heilt p\u00e5 det uvisse n\u00e5r vegen kan br\u00f8ytast opp att. Fr\u00e5 dei \u00f8vste gardane er det 20 km ubr\u00f8ytt veg fram til forretning og bussamband, og sn\u00f8en er s\u00e5 laus og djup at dei ikkje kan koma fram med hest og slede. Alt som trengst p\u00e5 gardane m\u00e5 berast fram i ryggsekk, og for dei som bur \u00f8vst i dalen vert det ein tur til fots p\u00e5 40 km i h\u00f8g sn\u00f8 n\u00e5r del skal p\u00e5 innkj\u00f8pstur.<br \/>Gardane Gullbr\u00e5, Ekse, Trefall og Brakestad har dessutan vore utan telefonsamband sidan onsdag, og dessutan har straumen vore borte nokre gonger over heile dalen.<br \/>Folket i dalen karakteriserer situasionen som desperat, og Eksingedalen Bondelag har sendt eit skriv til vegkontoret med b\u00f8n om hjelp.\u00bb<\/p>\r\n\r\n\r\n\r\n<p>I brevet fr\u00e5 Johan O Gullbr\u00e5 f\u00e5r vi eit godt innblikk i forholda dei innesn\u00f8dde balar med. Han foresl\u00e5r ogs\u00e5 ei enkel l\u00f8ysing:<br \/>\u00abD\u00e5 br\u00f8ytebilen laut gje tapt, var br\u00f8ytekantane to meter h\u00f8ge, og no er vegrenna fylt av laus fokksn\u00f8 i opptil 2.5 meters h\u00f8gd. Det er s\u00e5leis ur\u00e5d \u00e5 koma fram med hest og slede. N\u00e5r vegen f\u00f8r om \u00e5ri har vore stengd, har det vore vanskeleg \u00e0 koma fram med hest og slede, men denne gongen er det s\u00e6rleg ille, fordi fokksn\u00f8en kom sa br\u00e5tt at ein ikkje fekk r\u00e5d til \u00e5 trakka han hard etter kvart som han kom\u00bb.<br \/>\u00abDet har vore ein d\u00e5rleg sumar med lite og d\u00e5rleg f\u00f4r, og dei fleste treng difor \u00e5 kj\u00f8pa meir kraftfor og h\u00f8y enn vanleg. Hj\u00e5 einskilde gardbrukarar er det alt slutt p\u00e5 kraftf\u00f4ret av di uveret kom s\u00e5 br\u00e5tt at dei ikkje fekk tid til a f\u00e5 heim noko f\u00f8r vegen var stengd.\u00bb<br \/>\u00abDersom nokon skulle verta sjuke p\u00e5 dei avstengde gardane, er det ur\u00e5d \u00e5 f\u00e5 dei p\u00e5 sjukehus.\u00bb<br \/>\u00abDet ville vore ei lett sak for ein bulldozar eller ein sn\u00f8fresar \u00e5 ta vegen oppatt.\u00bb<\/p>\r\n\r\n\r\n\r\n\r\n\r\n<p>Bergens Tidende tek opp \u00abdei innesn\u00f8ddes problem\u00bb med ansvarlege vegmyndigheiter:<br \/>\u00abBergens Tidende har lagt saki fram for vegsjef Olav Kv\u00e5le som seier at med dei katastrofale sn\u00f8mengdene som det har vore den siste tidi, er det ur\u00e5d \u00e5 halda vegen open. Det vert og for dyrt \u00e5 frakta inn sn\u00f8fresar eller bulldozar til staden, og slik veret no er, kan vegen fyka til att p\u00e5 f\u00e5 minuttar.<br \/>Overingeni\u00f8r Ingolf Glambek, peikar p\u00e5 at vegstellet ikkje har meir enn to sn\u00f8fresarar, og dei er opptekne p\u00e1 dei store vegane. Vegen gjennom Eksingedalen er dessutan for smal b\u00e5de for bulldozar og sn\u00f8fresar.<br \/>Tilh\u00f8vi i vinter er s\u00e5 vanskelege at fleire dalar m\u00e5 finna seg i \u00e5 vera utan veg. Naturmaktene er for sterke. Det er synd i dei det g\u00e5r ut over, men det er ikkje noko \u00e5 giera med det, seier overingeni\u00f8r Glambek. N\u00e5r kan me s\u00e5 venta at vegen vert opna att?\u00a0Det er det umogeleg \u00e5 seia noko om. N\u00e5r br\u00f8ytekantane er s\u00e5 h\u00f8ge som to meter er det ikke r\u00e5d for sn\u00f8plogen \u00e5 kasta sn\u00f8en over. Det einaste vi kan gjera er a venta p\u00e5 at sn\u00f8en skal roa seg litt, slik at vi kan f\u00e5 sn\u00f8en over kantane, seier overingeni\u00f8r Ingolf Glambek.\u00bb<\/p>\r\n\r\n\r\n\r\n\r\n\r\n<p>Ikkje mykje tr\u00f8yst for dei innesn\u00f8dde her. I Myrkdalen, eit dalf\u00f8re litt aust for Eksingedalen, som ogs\u00e5 sn\u00f8a igjen p\u00e5 same tid, blir vegen opna att med bulldozar 1. februar, utan at overingeni\u00f8ren nemner det.<\/p>\r\n\r\n\r\n\r\n<p>Bergens Tidende fyl opp med reportasje 10. februar. Ein dag eller to f\u00f8r var journalist og fotograf p\u00e5 tur p\u00e5 ski fr\u00e5 Lavik og dei 2 mila opp til Gullbr\u00e5.<br \/>Hovudoppslaget p\u00e5 framsida blir: \u00abStemningen amper blant de isolerte i Eksingedalen\u00bb. Inne\u00a0i avisa er ei heilside med overskrifta \u00abKritisk for oss om vi n\u00e5 ikke f\u00e5r veien br\u00f8ytet\u00bb.<\/p>\r\n\r\n\r\n\r\n\r\n\r\n<p>Heime tok mor vare p\u00e5 denne heilsida, fint samanbretta blant sakene hennar. Ikkje minst fordi det her var bilete og omtale av b\u00e5de far og meg.<\/p>\r\n\r\n\r\n\r\n<p>\u00abFramhaldssoga del 3\u00bb tek for seg dette bes\u00f8ket fr\u00e5 \u00abverds-pressa\u00bb &#8211; og kjem her 10. februar, 62 \u00e5r etter.<\/p>\r\n\r\n\r\n\r\n<p>Ein liten smakebit fr\u00e5 BT, forfatta av\u00a0journalist Kjell Pedersen (reine poesien):<br \/>\u00abOver de mange moene under de stupbratte fjellene g\u00e5r karfolket tungt og sikkert p\u00e5 stier med kraftforsekkene p\u00e5 ryggen. En og annen er snauere p\u00e5 foten men s\u00e5 er han ogs\u00e5 p\u00e5 langfart og skal flere mil ned til bygden for a hente lettere varer som sukker og kaffe. I gamle dager m\u00e5tte man proviantere v\u00e5r og h\u00f8st. Men s\u00e5 kom maskinalderen, levem\u00e5ten ble lagt om, og man kunne bare sl\u00e5 p\u00e5 tr\u00e5den og f\u00e5 varene sendt p\u00e5 d\u00f8ren. Men maskinalderen fikk kort levetid i Eksingedalen. N\u00e5 er det menneskekraften som m\u00e5 til.\u00bb<\/p>\r\n\r\n\r\n\r\n\r\n\r\n<p>(Del 4 kjem\u00a012. februar\u00a0og handlar om d\u00e5 dei insn\u00f8dde fekk kjeft av vegsjefen, og om ei midlertidig l\u00f8ysing.)<\/p>\r\n<p><a href=\"https:\/\/m.facebook.com\/story.php?story_fbid=pfbid0PXTbS8MtqkVWrJHMTB8xArZ88PAxkLXfN6FuSNo9VonNWPDG7K6nRDZEK8GGTGQTl&amp;id=667422805\">Inlegget p\u00e5 Facebook<\/a>\u00a0&#8211; <a href=\"https:\/\/www.trefall.com\/blog\/nn\/snovinteren-1962-del-3\/\">her er del 3<\/a><\/p>\r\n","protected":false},"excerpt":{"rendered":"<p>I dag for 62 \u00e5r sidan, del 2 &#8211; her er del 1 &#8211; oversikt\u00a0&#8211; her er del 3 I del 1 forlet me eit innesn\u00f8dd lite dalf\u00f8re vest i landet.\u00a05. februar\u00a0er fortsatt \u00f8verste halvparten av dette dalf\u00f8ret innesn\u00f8dd. No i del 2 let eg hovud-forteljarane v\u00e6re avisa Bergens Tidende, saman med brevet Johan O &hellip; <a href=\"https:\/\/www.trefall.com\/blog\/nn\/snovinteren-1962-del-2\/\" class=\"more-link\">Hald fram med \u00e5 lese<span class=\"screen-reader-text\"> \u00abSn\u00f8vinteren 1962 &#8211; del 2\u00bb<\/span><\/a><\/p>\n","protected":false},"author":1,"featured_media":4016,"comment_status":"open","ping_status":"open","sticky":false,"template":"","format":"standard","meta":{"_uag_custom_page_level_css":"","advgb_blocks_editor_width":"","advgb_blocks_columns_visual_guide":"","jetpack_post_was_ever_published":false,"_jetpack_newsletter_access":"","_jetpack_dont_email_post_to_subs":false,"_jetpack_newsletter_tier_id":0,"_jetpack_memberships_contains_paywalled_content":false,"_jetpack_memberships_contains_paid_content":false,"footnotes":"","jetpack_publicize_message":"","jetpack_publicize_feature_enabled":true,"jetpack_social_post_already_shared":true,"jetpack_social_options":{"image_generator_settings":{"template":"highway","enabled":false},"version":2}},"categories":[60],"tags":[91],"jetpack_publicize_connections":[],"featured_image_urls_v2":{"full":["https:\/\/www.trefall.com\/wordpress\/wp-content\/uploads\/2024\/02\/BT_050255.jpg",1935,1548,false],"thumbnail":["https:\/\/www.trefall.com\/wordpress\/wp-content\/uploads\/2024\/02\/BT_050255-150x150.jpg",150,150,true],"medium":["https:\/\/www.trefall.com\/wordpress\/wp-content\/uploads\/2024\/02\/BT_050255-300x240.jpg",300,240,true],"medium_large":["https:\/\/www.trefall.com\/wordpress\/wp-content\/uploads\/2024\/02\/BT_050255-768x614.jpg",768,614,true],"large":["https:\/\/www.trefall.com\/wordpress\/wp-content\/uploads\/2024\/02\/BT_050255-1024x819.jpg",840,672,true],"1536x1536":["https:\/\/www.trefall.com\/wordpress\/wp-content\/uploads\/2024\/02\/BT_050255-1536x1229.jpg",1536,1229,true],"2048x2048":["https:\/\/www.trefall.com\/wordpress\/wp-content\/uploads\/2024\/02\/BT_050255.jpg",1935,1548,false],"post-thumbnail":["https:\/\/www.trefall.com\/wordpress\/wp-content\/uploads\/2024\/02\/BT_050255-1200x960.jpg",1200,960,true],"awb_sm":["https:\/\/www.trefall.com\/wordpress\/wp-content\/uploads\/2024\/02\/BT_050255-500x400.jpg",500,400,true],"awb_md":["https:\/\/www.trefall.com\/wordpress\/wp-content\/uploads\/2024\/02\/BT_050255-800x640.jpg",800,640,true],"awb_lg":["https:\/\/www.trefall.com\/wordpress\/wp-content\/uploads\/2024\/02\/BT_050255-1280x1024.jpg",1280,1024,true],"awb_xl":["https:\/\/www.trefall.com\/wordpress\/wp-content\/uploads\/2024\/02\/BT_050255-1920x1536.jpg",1920,1536,true]},"post_excerpt_stackable_v2":"<p>I dag for 62 \u00e5r sidan, del 2 &#8211; her er del 1 &#8211; oversikt\u00a0&#8211; her er del 3 I del 1 forlet me eit innesn\u00f8dd lite dalf\u00f8re vest i landet.\u00a05. februar\u00a0er fortsatt \u00f8verste halvparten av dette dalf\u00f8ret innesn\u00f8dd. No i del 2 let eg hovud-forteljarane v\u00e6re avisa Bergens Tidende, saman med brevet Johan O Gullbr\u00e5 fr\u00e5 \u00f8verste garden skriv til avisa. BT\u00a0dekkkjer \u00abEksingedalen sn\u00f8r ned\u00bb godt, og som me skal sj\u00e5 seinare, blir dei ein god st\u00f8ttespelar for dei innesn\u00f8dde.\u00a0 5. februar\u00a0beskriv Bergens Tidende situasjonen slik:\u00abOmlag hundre menneske i \u00f8vste delen av Eksingedalen har vore innestengde av sn\u00f8 over&hellip;<\/p>\n","category_list_v2":"<a href=\"https:\/\/www.trefall.com\/blog\/nn\/category\/historie\/\" rel=\"category tag\">Historie<\/a>","author_info_v2":{"name":"kaare","url":"https:\/\/www.trefall.com\/blog\/author\/kaare\/"},"comments_num_v2":"0 comments","featured_image_src":"https:\/\/www.trefall.com\/wordpress\/wp-content\/uploads\/2024\/02\/BT_050255.jpg","author_info":{"display_name":"kaare","author_link":"https:\/\/www.trefall.com\/blog\/author\/kaare\/"},"author_meta":{"display_name":"kaare","author_link":"https:\/\/www.trefall.com\/blog\/author\/kaare\/"},"featured_img":"https:\/\/www.trefall.com\/wordpress\/wp-content\/uploads\/2024\/02\/BT_050255-300x240.jpg","jetpack_featured_media_url":"https:\/\/www.trefall.com\/wordpress\/wp-content\/uploads\/2024\/02\/BT_050255.jpg","pbg_featured_image_src":{"full":["https:\/\/www.trefall.com\/wordpress\/wp-content\/uploads\/2024\/02\/BT_050255.jpg",1935,1548,false],"thumbnail":["https:\/\/www.trefall.com\/wordpress\/wp-content\/uploads\/2024\/02\/BT_050255-150x150.jpg",150,150,true],"medium":["https:\/\/www.trefall.com\/wordpress\/wp-content\/uploads\/2024\/02\/BT_050255-300x240.jpg",300,240,true],"medium_large":["https:\/\/www.trefall.com\/wordpress\/wp-content\/uploads\/2024\/02\/BT_050255-768x614.jpg",768,614,true],"large":["https:\/\/www.trefall.com\/wordpress\/wp-content\/uploads\/2024\/02\/BT_050255-1024x819.jpg",840,672,true],"1536x1536":["https:\/\/www.trefall.com\/wordpress\/wp-content\/uploads\/2024\/02\/BT_050255-1536x1229.jpg",1536,1229,true],"2048x2048":["https:\/\/www.trefall.com\/wordpress\/wp-content\/uploads\/2024\/02\/BT_050255.jpg",1935,1548,false],"post-thumbnail":["https:\/\/www.trefall.com\/wordpress\/wp-content\/uploads\/2024\/02\/BT_050255-1200x960.jpg",1200,960,true],"awb_sm":["https:\/\/www.trefall.com\/wordpress\/wp-content\/uploads\/2024\/02\/BT_050255-500x400.jpg",500,400,true],"awb_md":["https:\/\/www.trefall.com\/wordpress\/wp-content\/uploads\/2024\/02\/BT_050255-800x640.jpg",800,640,true],"awb_lg":["https:\/\/www.trefall.com\/wordpress\/wp-content\/uploads\/2024\/02\/BT_050255-1280x1024.jpg",1280,1024,true],"awb_xl":["https:\/\/www.trefall.com\/wordpress\/wp-content\/uploads\/2024\/02\/BT_050255-1920x1536.jpg",1920,1536,true]},"pbg_author_info":{"display_name":"kaare","author_link":"https:\/\/www.trefall.com\/blog\/author\/kaare\/","author_img":false},"pbg_comment_info":" No Comments","pbg_excerpt":"I dag for 62 \u00e5r sidan, del 2 &#8211; her er del 1 &#8211; oversikt\u00a0&#8211; her er del 3 I del 1 forlet me eit innesn\u00f8dd lite dalf\u00f8re vest i landet.\u00a05. februar\u00a0er fortsatt \u00f8verste halvparten av dette dalf\u00f8ret innesn\u00f8dd. No i del 2 let eg hovud-forteljarane v\u00e6re avisa Bergens Tidende, saman med brevet Johan O&hellip;","uagb_featured_image_src":{"full":["https:\/\/www.trefall.com\/wordpress\/wp-content\/uploads\/2024\/02\/BT_050255.jpg",1935,1548,false],"thumbnail":["https:\/\/www.trefall.com\/wordpress\/wp-content\/uploads\/2024\/02\/BT_050255-150x150.jpg",150,150,true],"medium":["https:\/\/www.trefall.com\/wordpress\/wp-content\/uploads\/2024\/02\/BT_050255-300x240.jpg",300,240,true],"medium_large":["https:\/\/www.trefall.com\/wordpress\/wp-content\/uploads\/2024\/02\/BT_050255-768x614.jpg",768,614,true],"large":["https:\/\/www.trefall.com\/wordpress\/wp-content\/uploads\/2024\/02\/BT_050255-1024x819.jpg",840,672,true],"1536x1536":["https:\/\/www.trefall.com\/wordpress\/wp-content\/uploads\/2024\/02\/BT_050255-1536x1229.jpg",1536,1229,true],"2048x2048":["https:\/\/www.trefall.com\/wordpress\/wp-content\/uploads\/2024\/02\/BT_050255.jpg",1935,1548,false],"post-thumbnail":["https:\/\/www.trefall.com\/wordpress\/wp-content\/uploads\/2024\/02\/BT_050255-1200x960.jpg",1200,960,true],"awb_sm":["https:\/\/www.trefall.com\/wordpress\/wp-content\/uploads\/2024\/02\/BT_050255-500x400.jpg",500,400,true],"awb_md":["https:\/\/www.trefall.com\/wordpress\/wp-content\/uploads\/2024\/02\/BT_050255-800x640.jpg",800,640,true],"awb_lg":["https:\/\/www.trefall.com\/wordpress\/wp-content\/uploads\/2024\/02\/BT_050255-1280x1024.jpg",1280,1024,true],"awb_xl":["https:\/\/www.trefall.com\/wordpress\/wp-content\/uploads\/2024\/02\/BT_050255-1920x1536.jpg",1920,1536,true]},"uagb_author_info":{"display_name":"kaare","author_link":"https:\/\/www.trefall.com\/blog\/author\/kaare\/"},"uagb_comment_info":0,"uagb_excerpt":"I dag for 62 \u00e5r sidan, del 2 &#8211; her er del 1 &#8211; oversikt\u00a0&#8211; her er del 3 I del 1 forlet me eit innesn\u00f8dd lite dalf\u00f8re vest i landet.\u00a05. februar\u00a0er fortsatt \u00f8verste halvparten av dette dalf\u00f8ret innesn\u00f8dd. No i del 2 let eg hovud-forteljarane v\u00e6re avisa Bergens Tidende, saman med brevet Johan O&hellip;","coauthors":[],"tax_additional":{"categories":{"linked":["<a href=\"https:\/\/www.trefall.com\/blog\/nn\/category\/historie\/\" class=\"advgb-post-tax-term\">Historie<\/a>"],"unlinked":["<span class=\"advgb-post-tax-term\">Historie<\/span>"]},"tags":{"linked":["<a href=\"https:\/\/www.trefall.com\/blog\/nn\/category\/historie\/\" class=\"advgb-post-tax-term\">1962<\/a>"],"unlinked":["<span class=\"advgb-post-tax-term\">1962<\/span>"]}},"comment_count":"0","relative_dates":{"created":"Posted 2 \u00e5r ago","modified":"Updated 2 \u00e5r ago"},"absolute_dates":{"created":"Posted on 5. februar 2024","modified":"Updated on 18. februar 2024"},"absolute_dates_time":{"created":"Posted on 5. februar 2024 0:01","modified":"Updated on 18. februar 2024 22:58"},"featured_img_caption":"","series_order":"","jetpack_sharing_enabled":true,"jetpack_shortlink":"https:\/\/wp.me\/p7ql8K-12K","_links":{"self":[{"href":"https:\/\/www.trefall.com\/blog\/wp-json\/wp\/v2\/posts\/4014"}],"collection":[{"href":"https:\/\/www.trefall.com\/blog\/wp-json\/wp\/v2\/posts"}],"about":[{"href":"https:\/\/www.trefall.com\/blog\/wp-json\/wp\/v2\/types\/post"}],"author":[{"embeddable":true,"href":"https:\/\/www.trefall.com\/blog\/wp-json\/wp\/v2\/users\/1"}],"replies":[{"embeddable":true,"href":"https:\/\/www.trefall.com\/blog\/wp-json\/wp\/v2\/comments?post=4014"}],"version-history":[{"count":10,"href":"https:\/\/www.trefall.com\/blog\/wp-json\/wp\/v2\/posts\/4014\/revisions"}],"predecessor-version":[{"id":4105,"href":"https:\/\/www.trefall.com\/blog\/wp-json\/wp\/v2\/posts\/4014\/revisions\/4105"}],"wp:featuredmedia":[{"embeddable":true,"href":"https:\/\/www.trefall.com\/blog\/wp-json\/wp\/v2\/media\/4016"}],"wp:attachment":[{"href":"https:\/\/www.trefall.com\/blog\/wp-json\/wp\/v2\/media?parent=4014"}],"wp:term":[{"taxonomy":"category","embeddable":true,"href":"https:\/\/www.trefall.com\/blog\/wp-json\/wp\/v2\/categories?post=4014"},{"taxonomy":"post_tag","embeddable":true,"href":"https:\/\/www.trefall.com\/blog\/wp-json\/wp\/v2\/tags?post=4014"}],"curies":[{"name":"wp","href":"https:\/\/api.w.org\/{rel}","templated":true}]}}